{"id":895,"count":1,"description":"Jes\u00fas comenz\u00f3 haciendo una afirmaci\u00f3n que inclu\u00eda otro de los grandes \"yo soy\" de este evangelio: \"Yo soy la luz del mundo\", luz de la vida.\r\nQuiz\u00e1 la raz\u00f3n por la que en este momento hizo tal afirmaci\u00f3n debamos buscarla en lo que en los d\u00edas anteriores hab\u00eda ocurrido en el templo durante la fiesta de los tabern\u00e1culos. All\u00ed se hab\u00edan encendido unos enormes candeleros con los que intentaban recordar la columna de fuego que gui\u00f3 a los hijos de Israel durante las noches a trav\u00e9s de su peregrinaje por el desierto (Ex 13:21). La relaci\u00f3n con esto no ser\u00eda de extra\u00f1ar, puesto que el Se\u00f1or ya se hab\u00eda referido a otros hechos de esa etapa del pueblo de Dios, como el man\u00e1 con que el pueblo hab\u00eda sido sustentado en el desierto (Jn 6:31-35) o el agua de la roca herida que sirvi\u00f3 para satisfacer su sed (Jn 7:37-39).\r\nAs\u00ed pues, de la misma forma en la que Dios hab\u00eda iluminado a sus antepasados en el desierto, ahora era el mismo Hijo encarnado quien les pod\u00eda iluminar y dispersar las tinieblas de sus corazones. Y no s\u00f3lo a ellos, porque lo que Jes\u00fas afirm\u00f3 es que \u00e9l es la luz \"del mundo\", indicando con esto la misi\u00f3n universal de su ministerio. Cristo es la luz para todos los hombres, en todo momento y lugar. \u00c9l es la luz en el sentido absoluto. Cualquier otro hombre o movimiento religioso no tiene punto de comparaci\u00f3n con \u00e9l.\r\nPor supuesto, estas palabras implican que el mundo necesita de su luz porque est\u00e1 sumido en las tinieblas morales y espirituales. No olvidemos que el mundo est\u00e1 bajo el poder del pr\u00edncipe de las tinieblas y que s\u00f3lo el Se\u00f1or Jesucristo puede cambiar esta situaci\u00f3n. Luz de la Vida","link":"https:\/\/jesuschristformuslims.com\/es\/tag\/luz-de-la-vida\/","name":"luz de la vida","slug":"luz-de-la-vida","taxonomy":"post_tag","meta":[],"yoast_head":"<!-- This site is optimized with the Yoast SEO plugin v27.4 - https:\/\/yoast.com\/product\/yoast-seo-wordpress\/ -->\n<title>Luz de la Vida | Evangelismo para los Musulmanes | Evangelizar Musulmanes<\/title>\n<meta name=\"description\" content=\"&quot;Jes\u00fas comenz\u00f3 haciendo una afirmaci\u00f3n que inclu\u00eda otro de los grandes &quot;&quot;yo soy&quot;&quot; de este evangelio: &quot;&quot;Yo soy la luz del mundo&quot;&quot;, luz de la vida. Quiz\u00e1 l...\" \/>\n<meta name=\"robots\" content=\"index, follow, max-snippet:-1, max-image-preview:large, max-video-preview:-1\" \/>\n<link rel=\"canonical\" href=\"https:\/\/jesuschristformuslims.com\/es\/tag\/luz-de-la-vida\/\" \/>\n<meta property=\"og:locale\" content=\"es_ES\" \/>\n<meta property=\"og:type\" content=\"article\" \/>\n<meta property=\"og:title\" content=\"Luz de la Vida | Evangelismo para los Musulmanes | Evangelizar Musulmanes\" \/>\n<meta property=\"og:description\" content=\"&quot;Jes\u00fas comenz\u00f3 haciendo una afirmaci\u00f3n que inclu\u00eda otro de los grandes &quot;&quot;yo soy&quot;&quot; de este evangelio: &quot;&quot;Yo soy la luz del mundo&quot;&quot;, luz de la vida. Quiz\u00e1 l...\" \/>\n<meta property=\"og:url\" content=\"https:\/\/jesuschristformuslims.com\/es\/tag\/luz-de-la-vida\/\" \/>\n<meta property=\"og:site_name\" content=\"Jesus Christ for Muslims\" \/>\n<meta name=\"twitter:card\" content=\"summary_large_image\" \/>\n<script type=\"application\/ld+json\" class=\"yoast-schema-graph\">{\"@context\":\"https:\\\/\\\/schema.org\",\"@graph\":[{\"@type\":\"CollectionPage\",\"@id\":\"https:\\\/\\\/jesuschristformuslims.com\\\/es\\\/tag\\\/luz-de-la-vida\\\/\",\"url\":\"https:\\\/\\\/jesuschristformuslims.com\\\/es\\\/tag\\\/luz-de-la-vida\\\/\",\"name\":\"Luz de la Vida | Evangelismo para los Musulmanes | Evangelizar Musulmanes\",\"isPartOf\":{\"@id\":\"https:\\\/\\\/jesuschristformuslims.com\\\/#website\"},\"description\":\"\\\"Jes\u00fas comenz\u00f3 haciendo una afirmaci\u00f3n que inclu\u00eda otro de los grandes \\\"\\\"yo soy\\\"\\\" de este evangelio: \\\"\\\"Yo soy la luz del mundo\\\"\\\", luz de la vida. Quiz\u00e1 l...\",\"breadcrumb\":{\"@id\":\"https:\\\/\\\/jesuschristformuslims.com\\\/es\\\/tag\\\/luz-de-la-vida\\\/#breadcrumb\"},\"inLanguage\":\"es\"},{\"@type\":\"BreadcrumbList\",\"@id\":\"https:\\\/\\\/jesuschristformuslims.com\\\/es\\\/tag\\\/luz-de-la-vida\\\/#breadcrumb\",\"itemListElement\":[{\"@type\":\"ListItem\",\"position\":1,\"name\":\"Home\",\"item\":\"https:\\\/\\\/jesuschristformuslims.com\\\/es\\\/home\\\/\"},{\"@type\":\"ListItem\",\"position\":2,\"name\":\"luz de la vida\"}]},{\"@type\":\"WebSite\",\"@id\":\"https:\\\/\\\/jesuschristformuslims.com\\\/#website\",\"url\":\"https:\\\/\\\/jesuschristformuslims.com\\\/\",\"name\":\"Jesus Christ for Muslims\",\"description\":\"Inviting Muslims to the Kingdom of Christ\",\"potentialAction\":[{\"@type\":\"SearchAction\",\"target\":{\"@type\":\"EntryPoint\",\"urlTemplate\":\"https:\\\/\\\/jesuschristformuslims.com\\\/?s={search_term_string}\"},\"query-input\":{\"@type\":\"PropertyValueSpecification\",\"valueRequired\":true,\"valueName\":\"search_term_string\"}}],\"inLanguage\":\"es\"}]}<\/script>\n<!-- \/ Yoast SEO plugin. -->","yoast_head_json":{"title":"Luz de la Vida | Evangelismo para los Musulmanes | Evangelizar Musulmanes","description":"\"Jes\u00fas comenz\u00f3 haciendo una afirmaci\u00f3n que inclu\u00eda otro de los grandes \"\"yo soy\"\" de este evangelio: \"\"Yo soy la luz del mundo\"\", luz de la vida. Quiz\u00e1 l...","robots":{"index":"index","follow":"follow","max-snippet":"max-snippet:-1","max-image-preview":"max-image-preview:large","max-video-preview":"max-video-preview:-1"},"canonical":"https:\/\/jesuschristformuslims.com\/es\/tag\/luz-de-la-vida\/","og_locale":"es_ES","og_type":"article","og_title":"Luz de la Vida | Evangelismo para los Musulmanes | Evangelizar Musulmanes","og_description":"\"Jes\u00fas comenz\u00f3 haciendo una afirmaci\u00f3n que inclu\u00eda otro de los grandes \"\"yo soy\"\" de este evangelio: \"\"Yo soy la luz del mundo\"\", luz de la vida. Quiz\u00e1 l...","og_url":"https:\/\/jesuschristformuslims.com\/es\/tag\/luz-de-la-vida\/","og_site_name":"Jesus Christ for Muslims","twitter_card":"summary_large_image","schema":{"@context":"https:\/\/schema.org","@graph":[{"@type":"CollectionPage","@id":"https:\/\/jesuschristformuslims.com\/es\/tag\/luz-de-la-vida\/","url":"https:\/\/jesuschristformuslims.com\/es\/tag\/luz-de-la-vida\/","name":"Luz de la Vida | Evangelismo para los Musulmanes | Evangelizar Musulmanes","isPartOf":{"@id":"https:\/\/jesuschristformuslims.com\/#website"},"description":"\"Jes\u00fas comenz\u00f3 haciendo una afirmaci\u00f3n que inclu\u00eda otro de los grandes \"\"yo soy\"\" de este evangelio: \"\"Yo soy la luz del mundo\"\", luz de la vida. Quiz\u00e1 l...","breadcrumb":{"@id":"https:\/\/jesuschristformuslims.com\/es\/tag\/luz-de-la-vida\/#breadcrumb"},"inLanguage":"es"},{"@type":"BreadcrumbList","@id":"https:\/\/jesuschristformuslims.com\/es\/tag\/luz-de-la-vida\/#breadcrumb","itemListElement":[{"@type":"ListItem","position":1,"name":"Home","item":"https:\/\/jesuschristformuslims.com\/es\/home\/"},{"@type":"ListItem","position":2,"name":"luz de la vida"}]},{"@type":"WebSite","@id":"https:\/\/jesuschristformuslims.com\/#website","url":"https:\/\/jesuschristformuslims.com\/","name":"Jesus Christ for Muslims","description":"Inviting Muslims to the Kingdom of Christ","potentialAction":[{"@type":"SearchAction","target":{"@type":"EntryPoint","urlTemplate":"https:\/\/jesuschristformuslims.com\/?s={search_term_string}"},"query-input":{"@type":"PropertyValueSpecification","valueRequired":true,"valueName":"search_term_string"}}],"inLanguage":"es"}]}},"_links":{"self":[{"href":"https:\/\/jesuschristformuslims.com\/es\/wp-json\/wp\/v2\/tags\/895","targetHints":{"allow":["GET"]}}],"collection":[{"href":"https:\/\/jesuschristformuslims.com\/es\/wp-json\/wp\/v2\/tags"}],"about":[{"href":"https:\/\/jesuschristformuslims.com\/es\/wp-json\/wp\/v2\/taxonomies\/post_tag"}],"wp:post_type":[{"href":"https:\/\/jesuschristformuslims.com\/es\/wp-json\/wp\/v2\/posts?tags=895"}],"curies":[{"name":"wp","href":"https:\/\/api.w.org\/{rel}","templated":true}]}}